{"id":1938,"date":"2021-01-05T16:51:07","date_gmt":"2021-01-05T15:51:07","guid":{"rendered":"https:\/\/www.scuolamonterisi.edu.it\/?p=1938"},"modified":"2025-10-04T08:51:49","modified_gmt":"2025-10-04T06:51:49","slug":"avviso-n-37-sospensione-attivita-didattiche-in-presenza","status":"publish","type":"post","link":"https:\/\/www.scuolamonterisi.edu.it\/index.php\/2021\/01\/05\/avviso-n-37-sospensione-attivita-didattiche-in-presenza\/","title":{"rendered":"AVVISO N.37 Sospensione attivit\u00e0 didattiche in presenza"},"content":{"rendered":"\n<p>Come da Ordinanza n.1 del 05 gennaio 2021 della Regione Campania si comunicano i periodi di sospensione delle attivit\u00e0 didattica in presenza:<\/p>\n\n\n\n<p>nei giorni&nbsp;<strong>7 e 8 gennaio 2021<\/strong>, restano sospese le attivit\u00e0 didattiche in presenza dei servizi educativi e della&nbsp;<strong>scuola dell&#8217;infanzia<\/strong>&nbsp;(sistema integrato di educazione e di istruzione 0-6 anni), della&nbsp;<strong>prima e della seconda classe della scuola primaria&nbsp;<\/strong>e delle pluriclassi della scuola primaria che comprendano la prima e\/o la seconda;<\/p>\n\n\n\n<p>con decorrenza&nbsp;<strong>dal 7 gennaio 2021 e fino al 17 gennaio 2021<\/strong>, restano sospese le attivit\u00e0 didattiche in presenza delle classi della&nbsp;<strong>scuola primaria diverse dalla prima e dalla seconda<\/strong>;<\/p>\n\n\n\n<p>Con decorrenza&nbsp;<strong>dal 7 gennaio 2021 e fino al 24 gennaio 2021<\/strong>, restano sospese le attivit\u00e0 didattiche in presenza della&nbsp;<strong>scuola secondaria di primo grado.<\/strong><\/p>\n\n\n\n<p>Restano comunque consentite in presenza le attivit\u00e0 destinate agli alunni con bisogni educativi speciali e\/o con disabilit\u00e0.<\/p>\n\n\n\n<p>Sar\u00e0 assicurata la fruizione dell&#8217;attivit\u00e0 didattica a distanza agli alunni con situazioni di fragilit\u00e0 del sistema immunitario, proprie e\/o di persone conviventi.<\/p>\n\n\n\n<p>Si comunica che le attivit\u00e0 in presenza per gli alunni diversamente abili riprenderanno in giorno 7 gennaio secondo le modalit\u00e0 e gli orari gi\u00e0 programmati.<\/p>\n","protected":false},"excerpt":{"rendered":"<p>Come da Ordinanza n.1 del 05 gennaio 2021 della Regione Campania si comunicano i periodi di sospensione delle attivit\u00e0 didattica in presenza: nei giorni&nbsp;7 e 8 gennaio 2021, restano sospese le attivit\u00e0 didattiche in presenza dei servizi educativi e della&nbsp;scuola dell&#8217;infanzia&nbsp;(sistema integrato di educazione e di istruzione 0-6 anni), della&nbsp;prima <a class=\"read-more\" href=\"https:\/\/www.scuolamonterisi.edu.it\/index.php\/2021\/01\/05\/avviso-n-37-sospensione-attivita-didattiche-in-presenza\/\">Read More&#8230;<\/a><\/p>\n","protected":false},"author":1,"featured_media":1939,"comment_status":"open","ping_status":"open","sticky":false,"template":"","format":"standard","meta":[],"categories":[65,72,71],"tags":[161,160],"_links":{"self":[{"href":"https:\/\/www.scuolamonterisi.edu.it\/index.php\/wp-json\/wp\/v2\/posts\/1938"}],"collection":[{"href":"https:\/\/www.scuolamonterisi.edu.it\/index.php\/wp-json\/wp\/v2\/posts"}],"about":[{"href":"https:\/\/www.scuolamonterisi.edu.it\/index.php\/wp-json\/wp\/v2\/types\/post"}],"author":[{"embeddable":true,"href":"https:\/\/www.scuolamonterisi.edu.it\/index.php\/wp-json\/wp\/v2\/users\/1"}],"replies":[{"embeddable":true,"href":"https:\/\/www.scuolamonterisi.edu.it\/index.php\/wp-json\/wp\/v2\/comments?post=1938"}],"version-history":[{"count":2,"href":"https:\/\/www.scuolamonterisi.edu.it\/index.php\/wp-json\/wp\/v2\/posts\/1938\/revisions"}],"predecessor-version":[{"id":1941,"href":"https:\/\/www.scuolamonterisi.edu.it\/index.php\/wp-json\/wp\/v2\/posts\/1938\/revisions\/1941"}],"wp:featuredmedia":[{"embeddable":true,"href":"https:\/\/www.scuolamonterisi.edu.it\/index.php\/wp-json\/wp\/v2\/media\/1939"}],"wp:attachment":[{"href":"https:\/\/www.scuolamonterisi.edu.it\/index.php\/wp-json\/wp\/v2\/media?parent=1938"}],"wp:term":[{"taxonomy":"category","embeddable":true,"href":"https:\/\/www.scuolamonterisi.edu.it\/index.php\/wp-json\/wp\/v2\/categories?post=1938"},{"taxonomy":"post_tag","embeddable":true,"href":"https:\/\/www.scuolamonterisi.edu.it\/index.php\/wp-json\/wp\/v2\/tags?post=1938"}],"curies":[{"name":"wp","href":"https:\/\/api.w.org\/{rel}","templated":true}]}}