{"id":2032,"date":"2021-02-07T16:09:58","date_gmt":"2021-02-07T15:09:58","guid":{"rendered":"https:\/\/www.scuolamonterisi.edu.it\/?p=2032"},"modified":"2021-02-07T16:10:00","modified_gmt":"2021-02-07T15:10:00","slug":"avviso-n-49-sospensione-attivita-didattiche-in-presenza-classe-5a-scuola-primaria-plesso-mazzetti","status":"publish","type":"post","link":"https:\/\/www.scuolamonterisi.edu.it\/index.php\/2021\/02\/07\/avviso-n-49-sospensione-attivita-didattiche-in-presenza-classe-5a-scuola-primaria-plesso-mazzetti\/","title":{"rendered":"AVVISO N.49 Sospensione attivit\u00e0 didattiche in presenza classe 5A Scuola Primaria plesso Mazzetti"},"content":{"rendered":"\n<p class=\"has-text-align-center\"><strong>Il Dirigente scolastico<\/strong><\/p>\n\n\n\n<p>Premesso che il giorno venerd\u00ec 5 febbraio \u00e8 stata effettuata una sospensione delle attivit\u00e0 in presenza nel plesso Mazzetti per consentire le operazioni di sanificazione;&nbsp;<\/p>\n\n\n\n<p>in via cautelare, per sopraggiunti motivi e in attesa di ulteriori indicazioni relative all\u2019attivazione delle procedure di propria competenza da parte del Dipartimento di prevenzione dell\u2019ASL di Salerno,<\/p>\n\n\n\n<p class=\"has-text-align-center\"><strong>Dispone<\/strong><\/p>\n\n\n\n<p>la temporanea sospensione delle lezioni in presenza per la suddetta classe e l\u2019attivazione delle attivit\u00e0 didattiche in modalit\u00e0 DDI attraverso l\u2019utilizzo dell\u2019applicativo ZOOM come disposto nel regolamento DDI dell\u2019Istituto&nbsp;<strong>a partire da luned\u00ec 8 Febbraio 2021<\/strong>&nbsp;fino a successiva comunicazione.<\/p>\n\n\n\n<p>Resta inteso che le classi non interessate da analogo provvedimento svolgono le regolari attivit\u00e0 in presenza.<\/p>\n","protected":false},"excerpt":{"rendered":"<p>Il Dirigente scolastico Premesso che il giorno venerd\u00ec 5 febbraio \u00e8 stata effettuata una sospensione delle attivit\u00e0 in presenza nel plesso Mazzetti per consentire le operazioni di sanificazione;&nbsp; in via cautelare, per sopraggiunti motivi e in attesa di ulteriori indicazioni relative all\u2019attivazione delle procedure di propria competenza da parte del <a class=\"read-more\" href=\"https:\/\/www.scuolamonterisi.edu.it\/index.php\/2021\/02\/07\/avviso-n-49-sospensione-attivita-didattiche-in-presenza-classe-5a-scuola-primaria-plesso-mazzetti\/\">Read More&#8230;<\/a><\/p>\n","protected":false},"author":1,"featured_media":1939,"comment_status":"open","ping_status":"open","sticky":false,"template":"","format":"standard","meta":[],"categories":[65,72,71],"tags":[],"_links":{"self":[{"href":"https:\/\/www.scuolamonterisi.edu.it\/index.php\/wp-json\/wp\/v2\/posts\/2032"}],"collection":[{"href":"https:\/\/www.scuolamonterisi.edu.it\/index.php\/wp-json\/wp\/v2\/posts"}],"about":[{"href":"https:\/\/www.scuolamonterisi.edu.it\/index.php\/wp-json\/wp\/v2\/types\/post"}],"author":[{"embeddable":true,"href":"https:\/\/www.scuolamonterisi.edu.it\/index.php\/wp-json\/wp\/v2\/users\/1"}],"replies":[{"embeddable":true,"href":"https:\/\/www.scuolamonterisi.edu.it\/index.php\/wp-json\/wp\/v2\/comments?post=2032"}],"version-history":[{"count":1,"href":"https:\/\/www.scuolamonterisi.edu.it\/index.php\/wp-json\/wp\/v2\/posts\/2032\/revisions"}],"predecessor-version":[{"id":2033,"href":"https:\/\/www.scuolamonterisi.edu.it\/index.php\/wp-json\/wp\/v2\/posts\/2032\/revisions\/2033"}],"wp:featuredmedia":[{"embeddable":true,"href":"https:\/\/www.scuolamonterisi.edu.it\/index.php\/wp-json\/wp\/v2\/media\/1939"}],"wp:attachment":[{"href":"https:\/\/www.scuolamonterisi.edu.it\/index.php\/wp-json\/wp\/v2\/media?parent=2032"}],"wp:term":[{"taxonomy":"category","embeddable":true,"href":"https:\/\/www.scuolamonterisi.edu.it\/index.php\/wp-json\/wp\/v2\/categories?post=2032"},{"taxonomy":"post_tag","embeddable":true,"href":"https:\/\/www.scuolamonterisi.edu.it\/index.php\/wp-json\/wp\/v2\/tags?post=2032"}],"curies":[{"name":"wp","href":"https:\/\/api.w.org\/{rel}","templated":true}]}}