{"id":2454,"date":"2021-05-31T10:31:16","date_gmt":"2021-05-31T08:31:16","guid":{"rendered":"https:\/\/www.scuolamonterisi.edu.it\/?p=2454"},"modified":"2021-05-31T10:36:17","modified_gmt":"2021-05-31T08:36:17","slug":"servizio-trasporto-scolastico","status":"publish","type":"post","link":"https:\/\/www.scuolamonterisi.edu.it\/index.php\/2021\/05\/31\/servizio-trasporto-scolastico\/","title":{"rendered":"SERVIZIO TRASPORTO SCOLASTICO"},"content":{"rendered":"\n<p><strong>Le \u201cModalit\u00e0 Organizzative del Servizio\u201d sotto riportate sono suscettibili di modifiche, integrazioni e\/o aggiornamenti, sia rispetto ai criteri e requisiti di ammissione, sia per quanto concerne le norme e le condizioni di svolgimento del servizio, sulla base delle disposizioni governative in materia di \u201cCorona Virus\u201d relativamente al funzionamento delle Istituzioni Scolastiche e del Trasporto Pubblico Locale.&nbsp;<\/strong><\/p>\n\n\n\n<p><strong>DESTINATARI&nbsp;<\/strong><\/p>\n\n\n\n<p><strong>Alunni normodotati&nbsp;<\/strong>frequentanti le Scuole dell\u2019Infanzia e Primarie, residenti nel Comune di Salerno, abitanti nelle&nbsp;<strong>frazioni alte, zone di estrema periferia&nbsp;<\/strong>e&nbsp;<strong>rioni collinari<\/strong>, ad una distanza&nbsp;<strong>minima&nbsp;<\/strong>di&nbsp;<strong>500 metri&nbsp;<\/strong>dal plesso scolastico frequentato.&nbsp;<\/p>\n\n\n\n<p><strong>Alunni e studenti diversamente abili<\/strong>, residenti nel Comune di Salerno, domiciliati sull\u2019 intero territorio cittadino, frequentanti le Scuole dell\u2019Infanzia, Primarie e Secondarie di I grado.&nbsp;<\/p>\n\n\n\n<p><strong>MODALITA\u2019 DI ACCESSO AL SERVIZIO&nbsp;<\/strong><\/p>\n\n\n\n<p>Per accedere al servizio occorre presentare \u2013 entro i termini stabiliti \u2013 l\u2019 istanza corredata dalla documentazione richiesta.<br>L\u2019 istanza corredata da un valido documento di identit\u00e0 del richiedente, potr\u00e0 essere inoltrata&nbsp;<strong>da Marted\u00ec 1&nbsp;<\/strong>a&nbsp;<strong>Marted\u00ec 29 Giugno 2021&nbsp;<\/strong>all\u2019 indirizzo di posta elettronica&nbsp;<strong>g.martucciello@comune.salerno.it.&nbsp;<\/strong><\/p>\n\n\n\n<p><strong>In via del tutto eccezionale, la stessa potr\u00e0 essere inviata tramite il servizio postale o consegnata a mano presso gli Uffici del Settore Istruzione e Formazione \u2013 Via San Domenico Savio n. 4 (c\/o Edificio Salesiani) \u2013 Zona Carmine \u2013 nei seguenti giorni ed orari:&nbsp;<\/strong><\/p>\n\n\n\n<p><strong>Marted\u00ec e Gioved\u00ec Ore 9.00\/12.00 \u2013 16.30\/17.30.&nbsp;<\/strong><\/p>\n\n\n\n<p>Per la consegna a mano delle istanze, gli utenti interessati dovranno concordare apposito appuntamento contattando i seguenti recapiti telefonici :&nbsp;<strong>089\/667309 \u2013 089\/667320 &#8211; 089\/667324.<br><\/strong>Il modello di istanza \u00e8 scaricabile dal Sito Internet del Comune di Salerno all\u2019indirizzo&nbsp;<strong>www.comune.salerno.it. &#8211; Aree Tematiche \u2013 Scuola e Istruzione \u2013 Trasporto Scolastico,&nbsp;<\/strong>oppure dal Sito Istituzionale delle Scuole, cui la relativa modulistica sar\u00e0 trasmessa.&nbsp;<\/p>\n\n\n\n<p><strong>PIANO ANNUALE DEL TRASPORTO SCOLASTICO&nbsp;<\/strong><\/p>\n\n\n\n<p>Il Piano annuale del Trasporto Scolastico &#8211; con i relativi orari e le modalit\u00e0 di svolgimento del servizio \u2013 sar\u00e0 elaborato dall\u2019Ufficio competente tenendo conto delle disposizioni legislative \u2013 attuali e successive &#8211; in materia di gestione e di contenimento dell\u2019 emergenza epidemiologica da COVID \u2013 19 (con particolare riferimento alle norme relative al funzionamento del Trasporto Pubblico Locale).&nbsp;<\/p>\n\n\n\n<p>Pertanto, laddove il numero degli utenti richiedenti il servizio dovesse risultare superiore alle possibilit\u00e0 organizzative del servizio, al fine di garantire il pieno rispetto del previsto distanziamento e delle altre misure di sicurezza prescritte, l\u2019 ammissione al servizio degli stessi sar\u00e0 valutata sulla base di elementi oggettivi che saranno individuati alla luce delle gi\u00e0 richiamate disposizioni governative.&nbsp;<\/p>\n\n\n\n<p>Il Piano di Trasporto prevede percorsi che si estendono lungo le strade comunali e provinciali, con esclusione di quelle private e di quelle la cui transitabilit\u00e0, a insindacabile giudizio del Comune e\/o della Ditta incaricata, comporta rischi in ordine alla sicurezza dei trasportati e alla funzionalit\u00e0 dei mezzi.&nbsp;<\/p>\n\n\n\n<p>Gli alunni inseriti negli elenchi predisposti dall\u2019Ufficio competente saranno prelevati presso i centri di raccolta contrassegnati dal cartello \u201c<strong>FERMATA SCUOLABUS\u201d<\/strong>.<br>In mancanza della suddetta segnaletica vi sar\u00e0, comunque, un punto di sosta dell\u2019automezzo, chiaramente individuato, che dovr\u00e0 essere ritenuto a tutti gli effetti, sia dagli utenti che dall\u2019autista, la&nbsp;<strong>fermata da osservare.&nbsp;<\/strong><\/p>\n\n\n\n<p>Il prelievo degli alunni e studenti diversamente abili avverr\u00e0, laddove possibile, in prossimit\u00e0 del domicilio.&nbsp;<\/p>\n\n\n\n<p>Il Piano di Trasporto potr\u00e0 essere modificato, nel corso dell\u2019anno scolastico, per sopraggiunte esigenze e\/o per interventi di miglioramento e\/o razionalizzazione del servizio.&nbsp;<\/p>\n\n\n\n<p><strong>AMMISSIONE AL SERVIZIO&nbsp;<\/strong><\/p>\n\n\n\n<p>Gli utenti che avranno richiesto di usufruire del Servizio Trasporto riceveranno comunicazione scritta in merito all\u2019accoglimento o meno della propria istanza, nonch\u00e9 alla eventuale necessit\u00e0 di acquisire ulteriori elementi di valutazione al riguardo.&nbsp;<\/p>\n\n\n\n<p><strong>CALENDARIO \u2013 ORARI E MODALITA\u2019 DI SVOLGIMENTO DEL SERVIZIO&nbsp;<\/strong><\/p>\n\n\n\n<p>Per l\u2019 anno scolastico 2021\/2022 Il Servizio Trasporto verr\u00e0 effettuato a cura della Ditta esterna specializzata, aggiudicataria della gara di appalto indetta con determina dirigenziale n. 3647 del 05.09.2019.<br>Alla stessa verranno affidati i percorsi antimeridiani e pomeridiani di cui al \u201cPiano di Trasporto e Linee di percorrenza\u201d (Allegato \u201cA\u201d del Capitolato Speciale d\u2019 Appalto).&nbsp;<\/p>\n\n\n\n<p>Per l\u2019 espletamento del Servizio l\u2019 Impresa metter\u00e0 a disposizione &#8211; per ciascun percorso \u2013 n. 1 scuolabus e n. 1 equipaggio (autista + accompagnatore), in possesso dei requisiti previsti nel citato Capitolato Speciale d\u2019 Appalto.&nbsp;<\/p>\n\n\n\n<p>I percorsi contenenti l\u2019 elenco degli alunni da trasportare, gli itinerari da percorrere, le fermate individuali e collettive e gli orari da osservare per la consegna ed il prelievo presso le scuole, saranno forniti all\u2019 Impresa affidataria in tempo utile, affinch\u00e9 la stessa possa effettuare le opportune verifiche ed apportare, se necessario, eventuali correttivi.&nbsp;<\/p>\n\n\n\n<p>Il Servizio consiste nel trasporto degli alunni frequentanti le Scuole dell\u2019 Infanzia e Primarie dai luoghi dove sono residenti e\/o domiciliati oppure dai centri di raccolti stabiliti lungo il tragitto alle scuole frequentare e da queste alle relative abitazioni.&nbsp;<\/p>\n\n\n\n<p>Il Servizio sar\u00e0 assicurato a partire dalla data di inizio delle attivit\u00e0 didattiche e fino al termine delle stesse, in tutti i giorni previsti dal calendario scolastico regionale:&nbsp;<\/p>\n\n\n\n<ul><li><strong>in orario antimeridiano&nbsp;<\/strong>&#8211; dal luned\u00ec al venerd\u00ec (presso le scuole che osservano la \u201csettimana corta\u201d) con estensione al sabato (presso le scuole funzionanti su sei giorni);&nbsp;<\/li><li><strong>in orario pomeridiano&nbsp;<\/strong>\u2013 dal Luned\u00ec al Venerd\u00ec &#8211; per le esigenze collegate alle attivit\u00e0 di tempo pieno e\/o prolungato svolte presso le scuole servite.&nbsp;<\/li><\/ul>\n\n\n\n<p>Si terr\u00e0 conto, altres\u00ec, di eventuali adeguamenti e\/o modifiche del suddetto calendario regionale, stabiliti dai Consigli di Circolo\/Istituto, con i poteri di autonomia loro conferiti.&nbsp;<\/p>\n\n\n\n<p>Gli orari di prelievo e di consegna stabiliti dovranno essere rigorosamente rispettati, sia dalla Ditta che dagli utenti fruitori del servizio, fatti salvi eventuali ed occasionali imprevisti, la cui imponderabilit\u00e0 potrebbe rallentare lo svolgimento dei percorsi.&nbsp;<\/p>\n\n\n\n<p>Nel caso in cui durante l\u2019 anno scolastico dovessero verificarsi parziali variazioni in merito agli orari di svolgimento delle attivit\u00e0 didattiche (dovute a scioperi, assemblee sindacali, riunioni del personale ed altre analoghe circostanze), il Servizio Trasporto sar\u00e0 effettuato unicamente negli orari stabiliti, salvo diversa comunicazione inoltrata dal Comune alla Ditta incaricata.&nbsp;<\/p>\n\n\n\n<p>Il Servizio potr\u00e0 essere sospeso nei casi in cui avverse condizioni atmosferiche rendano intransitabili le strade da percorrere o per analoghe situazioni di emergenza.<br>In tali circostanze, laddove i tempi tecnici lo consentano, le famiglie saranno avvertite in merito all\u2019interruzione del servizio.&nbsp;<\/p>\n\n\n\n<p><strong>Al fine di rendere il pi\u00f9 possibile agevole e tempestiva ogni necessaria comunicazione relativa alla gestione del servizio, \u00e8 opportuno che tutti gli utenti forniscano, oltre ai recapiti telefonici, anche un indirizzo di posta elettronica, da mantenere attivo nei periodi di svolgimento del servizio medesimo.&nbsp;<\/strong><\/p>\n\n\n\n<p><strong>SICUREZZA E RESPONSABILITA\u2019&nbsp;<\/strong><\/p>\n\n\n\n<p>L\u2019 affidamento e la gestione del servizio sono regolati dalle disposizioni legislative vigenti in materia, dalle norme contenute nel Capitolato Speciale d\u2019 Appalto, nonch\u00e9 da quanto previsto nel Codice di Procedura Civile (articoli 1681 e 1682).&nbsp;<\/p>\n\n\n\n<p>L\u2019 Impresa Aggiudicataria si assume ogni e qualsiasi onere e\/o rischio collegato all\u2019 esercizio dell\u2019 attivit\u00e0 oggetto dell\u2019appalto, ogni e qualsiasi responsabilit\u00e0 dovuta ad eventuali mancanze e\/o negligenze, proprie e del proprio personale, che possano pregiudicare il corretto svolgimento del Servizio.&nbsp;<\/p>\n\n\n\n<p>Essa \u00e8 unica responsabile dell\u2019 inosservanza da parte del personale addetto delle norme in materia di viabilit\u00e0 e di gestione del Servizio Trasporto Scolastico.&nbsp;<\/p>\n\n\n\n<p>Sono, pertanto, poste a carico della Ditta tutte le responsabilit\u00e0 civili e penali, dirette ed indirette, per eventuali danni e\/o infortuni arrecati ai trasportati, a terze persone o a cose, mentre l\u2019 Amministrazione Comunale sar\u00e0 sollevata da ogni e qualsiasi azione venisse intentata contro di essa a causa della mancata osservanza da parte della Ditta delle norme previste.&nbsp;<\/p>\n\n\n\n<p>Ai sensi dell\u2019 art. 1176 del Codice Civile, nell\u2019 espletamento del Servizio, l\u2019 Impresa deve usare la diligenza del \u201cbuon padre di famiglia\u201d.&nbsp;<\/p>\n\n\n\n<p>Il personale addetto \u00e8 responsabile degli alunni trasportati durante il tragitto degli scuolabus e fino al momento della consegna degli stessi al personale scolastico (all\u2019ingresso degli edifici scolastici) o ai familiari (alle rispettive fermate).&nbsp;<\/p>\n\n\n\n<p>Ai sensi dell\u2019 art. 19\/bis del Decreto Legislativo n. 148 del 16 ottobre 2017, \u00e8 prevista la facolt\u00e0 (riservata esclusivamente ai minori frequentanti le Scuole Primarie) di usufruire autonomamente del servizio, sempre che i genitori abbiano sottoscritto la dichiarazione appositamente contenuta nell\u2019 istanza di ammissione, in virt\u00f9 della quale il personale addetto viene esonerato da ogni responsabilit\u00e0 connessa all\u2019 obbligo di vigilanza sul minore stesso, nel tragitto pedonale dall\u2019 abitazione alla fermata stabilita, da questa al domicilio, durante l\u2019 attesa dello scuolabus e nelle fasi di salita e di discesa dal mezzo.&nbsp;<\/p>\n\n\n\n<p>In mancanza della dichiarazione di cui innanzi, il personale addetto dovr\u00e0 accertarsi della presenza di uno dei genitori (o della persona da questi delegata) alla fermata e all\u2019orario stabilito, segnalandone l\u2019 assenza all\u2019 Amministrazione Comunale affinch\u00e9 vengano adottati gli opportuni provvedimenti.&nbsp;<\/p>\n\n\n\n<p><strong>COMPORTAMENTO DEGLI ALUNNI DURANTE IL TRASPORTO&nbsp;<\/strong><\/p>\n\n\n\n<p>Gli alunni che usufruiscono del trasporto scolastico devono:&nbsp;<\/p>\n\n\n\n<ul><li>mantenere un comportamento corretto e rispettoso nei confronti degli altri utenti, del conducente e del personale di accompagnamento, evitando atteggiamenti che possano mettere a rischio la propria e l\u2019altrui sicurezza;&nbsp;<\/li><li>usare un linguaggio adeguato;&nbsp;<\/li><li>non disturbare i compagni di viaggio;&nbsp;<\/li><li>avere rispetto per gli arredi e le attrezzature del mezzo, evitando di danneggiare i sedili e i rivestimenti con tagli, scritte e quant\u2019altro;&nbsp;<\/li><li>seguire scrupolosamente le indicazioni di sicurezza e\/o le ammonizioni impartite dal personale addetto;&nbsp;<\/li><li>prendere posto rapidamente, posizionare lo zaino sulle ginocchia o a terra;&nbsp;<\/li><li>evitare di affacciarsi ai finestrini e\/o di gettare oggetti dagli stessi;&nbsp;<\/li><li>rimanere seduti durante il tragitto e fino all\u2019arresto del veicolo, quindi prepararsi alla discesa.&nbsp;<\/li><\/ul>\n\n\n\n<p><strong>In ottemperanza alle gi\u00e0 richiamate misure di sicurezza relative alla gestione e al contenimento dell\u2019emergenza epidemiologica da COVID 19 e fino al completo superamento dell\u2019 emergenza medesima, tutti gli alunni ammessi ad usufruire del Servizio Trasporto avranno l\u2019 obbligo di indossare mascherine e guanti monouso, pena il divieto assoluto di salire sui mezzi.&nbsp;<\/strong><\/p>\n\n\n\n<p><strong>OBBLIGHI DEI GENITORI O DEGLI ESERCENTI LA PATRIA POTESTA\u2019&nbsp;<\/strong><\/p>\n\n\n\n<p>I genitori (o gli esercenti la patria potest\u00e0) degli alunni ammessi ad usufruire del servizio, con la sottoscrizione della domanda, assumono i seguenti obblighi:&nbsp;<\/p>\n\n\n\n<ul><li>Comunicare &#8211;&nbsp;<strong>per iscritto&nbsp;<\/strong>&#8211; all\u2019Ufficio preposto ogni e qualsiasi variazione si verifichi, nel corso dell\u2019anno scolastico, rispetto a quanto dichiarato nella domanda, nonch\u00e9 la eventuale rinuncia ad usufruire del servizio;&nbsp;<\/li><li>Intervenire nei confronti dei propri figli, nel caso in cui vengano messi al corrente di comportamenti scorretti tenuti dagli stessi durante lo svolgimento del servizio;&nbsp;<\/li><li>Segnalare direttamente all\u2019 Ufficio preposto ogni e qualsiasi problema relativo alla gestione del servizio, evitando in modo categorico di discuterne col personale addetto durante lo svolgimento dello stesso.&nbsp;<\/li><\/ul>\n\n\n\n<p><strong>SANZIONI&nbsp;<\/strong><\/p>\n\n\n\n<p>L\u2019 alunno che si renda responsabile di una delle infrazioni innanzi descritte, soprattutto se reiterate, incorrer\u00e0 nelle seguenti sanzioni:&nbsp;<\/p>\n\n\n\n<ul><li>Ammonizione verbale da parte del personale di accompagnamento;&nbsp;<\/li><li>Ammonizione scritta ai genitori;&nbsp;<\/li><li>Sospensione dal servizio per un giorno;&nbsp;<\/li><li>Sospensione dal servizio per 7 giorni;&nbsp;<\/li><li>Sospensione dal servizio a tempo indeterminato.&nbsp;<\/li><\/ul>\n\n\n\n<p>Il provvedimento di sospensione verr\u00e0 notificato, prima del suo inizio, ai genitori o agli esercenti la patria potest\u00e0, nonch\u00e9 al Dirigente Scolastico interessato.&nbsp;<\/p>\n\n\n\n<p>Eventuali danni materiali arrecati alle strutture interne dei mezzi, il cui responsabile sia stato individuato dal personale addetto , saranno quantificati e addebitati alla famiglia dello stesso.&nbsp;<\/p>\n\n\n\n<p>Si sottolinea, infine, che la fruizione del Servizio Trasporto deve avere carattere di continuit\u00e0.<br>Pertanto, l\u2019 accertato mancato utilizzo dello scuolabus per gg. 15 consecutivi senza giustificato e documentabile motivo, comporter\u00e0 la decadenza del diritto al trasporto per l\u2019anno scolastico di riferimento.\u00a0<\/p>\n\n\n\n<p><strong>ALLEGATI:<\/strong><\/p>\n\n\n\n<p><a href=\"https:\/\/www.scuolamonterisi.edu.it\/wp-content\/uploads\/2021\/05\/AVVISO-PRESENTAZIONE-ISTANZE.pdf\">AVVISO DEL COMUNE DI SALERNO<\/a><\/p>\n\n\n\n<p><a href=\"https:\/\/www.scuolamonterisi.edu.it\/wp-content\/uploads\/2021\/05\/MODALITA-ORGANIZZATIVE-DEL-SERVIZIO-TRASPORTO-SCOLASTICO.pdf\">MODALITA&#8217; ORGANIZZATIVE<\/a><\/p>\n\n\n\n<p><a href=\"https:\/\/www.scuolamonterisi.edu.it\/wp-content\/uploads\/2021\/05\/MODELLO-DI-ISTANZA-TRASPORTO-2021-2022.pdf\">MODELLO DI ISTANZA<\/a><\/p>\n","protected":false},"excerpt":{"rendered":"<p>Le \u201cModalit\u00e0 Organizzative del Servizio\u201d sotto riportate sono suscettibili di modifiche, integrazioni e\/o aggiornamenti, sia rispetto ai criteri e requisiti di ammissione, sia per quanto concerne le norme e le condizioni di svolgimento del servizio, sulla base delle disposizioni governative in materia di \u201cCorona Virus\u201d relativamente al funzionamento delle Istituzioni <a class=\"read-more\" href=\"https:\/\/www.scuolamonterisi.edu.it\/index.php\/2021\/05\/31\/servizio-trasporto-scolastico\/\">Read More&#8230;<\/a><\/p>\n","protected":false},"author":1,"featured_media":2455,"comment_status":"open","ping_status":"open","sticky":false,"template":"","format":"standard","meta":[],"categories":[65,71],"tags":[214],"_links":{"self":[{"href":"https:\/\/www.scuolamonterisi.edu.it\/index.php\/wp-json\/wp\/v2\/posts\/2454"}],"collection":[{"href":"https:\/\/www.scuolamonterisi.edu.it\/index.php\/wp-json\/wp\/v2\/posts"}],"about":[{"href":"https:\/\/www.scuolamonterisi.edu.it\/index.php\/wp-json\/wp\/v2\/types\/post"}],"author":[{"embeddable":true,"href":"https:\/\/www.scuolamonterisi.edu.it\/index.php\/wp-json\/wp\/v2\/users\/1"}],"replies":[{"embeddable":true,"href":"https:\/\/www.scuolamonterisi.edu.it\/index.php\/wp-json\/wp\/v2\/comments?post=2454"}],"version-history":[{"count":2,"href":"https:\/\/www.scuolamonterisi.edu.it\/index.php\/wp-json\/wp\/v2\/posts\/2454\/revisions"}],"predecessor-version":[{"id":2461,"href":"https:\/\/www.scuolamonterisi.edu.it\/index.php\/wp-json\/wp\/v2\/posts\/2454\/revisions\/2461"}],"wp:featuredmedia":[{"embeddable":true,"href":"https:\/\/www.scuolamonterisi.edu.it\/index.php\/wp-json\/wp\/v2\/media\/2455"}],"wp:attachment":[{"href":"https:\/\/www.scuolamonterisi.edu.it\/index.php\/wp-json\/wp\/v2\/media?parent=2454"}],"wp:term":[{"taxonomy":"category","embeddable":true,"href":"https:\/\/www.scuolamonterisi.edu.it\/index.php\/wp-json\/wp\/v2\/categories?post=2454"},{"taxonomy":"post_tag","embeddable":true,"href":"https:\/\/www.scuolamonterisi.edu.it\/index.php\/wp-json\/wp\/v2\/tags?post=2454"}],"curies":[{"name":"wp","href":"https:\/\/api.w.org\/{rel}","templated":true}]}}