{"id":2723,"date":"2021-09-04T07:59:12","date_gmt":"2021-09-04T05:59:12","guid":{"rendered":"https:\/\/www.scuolamonterisi.edu.it\/?p=2723"},"modified":"2021-09-04T07:59:15","modified_gmt":"2021-09-04T05:59:15","slug":"avviso-n-1-modalita-di-accettazione-delle-domande-di-messa-a-disposizione-mad-per-stipula-contratti-a-tempo-determinato-a-s-2021-22","status":"publish","type":"post","link":"https:\/\/www.scuolamonterisi.edu.it\/index.php\/2021\/09\/04\/avviso-n-1-modalita-di-accettazione-delle-domande-di-messa-a-disposizione-mad-per-stipula-contratti-a-tempo-determinato-a-s-2021-22\/","title":{"rendered":"AVVISO N.1 Modalit\u00e0 di accettazione delle domande di messa a disposizione (MAD) per stipula contratti a tempo determinato a.s. 2021\/22."},"content":{"rendered":"\n<p><strong>Oggetto: Modalit\u00e0 di accettazione delle domande di messa a disposizione (MAD) per stipula contratti a tempo determinato a.s. 2021\/22.&nbsp;<\/strong><\/p>\n\n\n\n<p class=\"has-text-align-center\"><strong>Il Dirigente scolastico<\/strong><\/p>\n\n\n\n<p>VISTO il DPR N. 275\/1999 recante norme in materia di autonomia dell\u2019istituzione scolastica;&nbsp;<\/p>\n\n\n\n<p>VISTO il D. Lgs. 165\/2001 art. 25, commi 2, 3 e 4;<\/p>\n\n\n\n<p>VISTO il D.M. n.131\/2007 &#8220;Regolamento per il conferimento delle supplenze al personale docente ed educativo&#8221;;&nbsp;<\/p>\n\n\n\n<p>VISTO il D.M. n. 430 del 13\/12\/2000 \u201cRegolamento per il conferimento delle supplenze al personale ATA\u201d;<\/p>\n\n\n\n<p>VISTA la Nota MIUR 25089 del 06-08-2021&nbsp;Istruzioni e indicazioni operative in materia di supplenze al personale docente, educativo ed A.T.A. \u2013 A.S.2021-2022;<\/p>\n\n\n\n<p>CONSIDERATA l&#8217;eventualit\u00e0 di dover procedere alla stipula di contratti di lavoro a tempo determinato per l\u2019a.s. 2021\/2022 da parte di questa Istituzione scolastica, inclusi i posti di Sostegno;<\/p>\n\n\n\n<p>CONSIDERATA la necessit\u00e0 di consentire agli uffici di segreteria un regolare funzionamento in relazione all&#8217;espletamento di tutte le pratiche scolastiche&nbsp;<\/p>\n\n\n\n<p class=\"has-text-align-center\"><strong>DISPONE<\/strong><\/p>\n\n\n\n<p>che il periodo utile per la presentazione delle domande di messa a disposizione (MAD) per l\u2019a.s. 2021\/2022 da parte dei candidati in possesso dei requisiti richiesti per l\u2019insegnamento su posto normale o di sostegno, nonch\u00e9 da parte dei candidati ai posti del personale ATA, va dalla data odierna al 19 settembre 2021.&nbsp;<\/p>\n\n\n\n<p>Le domande di messa a disposizione (MAD) dovranno essere inviate esclusivamente per mezzo della procedura di compilazione della piattaforma ArgoMAD disponibile al seguente link:&nbsp;<a href=\"https:\/\/mad.portaleargo.it\/\">https:\/\/mad.portaleargo.it<\/a>&nbsp;che consente agli aspiranti ad incarichi di Docente e\/o ATA di poter inviare la domanda di messa a disposizione.&nbsp;<\/p>\n\n\n\n<p>La fruizione della piattaforma \u00e8 gratuita. E\u2019 necessario allegare i seguenti documenti:<\/p>\n\n\n\n<ul><li>Curriculum vitae in formato europeo;<\/li><li>Copia documento di identit\u00e0;<\/li><li>Copia del titolo di studio, diploma o certificato di laurea completo di CFU.&nbsp;<\/li><\/ul>\n\n\n\n<p>Per eventuali messe a disposizione per supplenza su posti di Sostegno \u00e8 necessario il titolo specifico di cui bisogner\u00e0 allegare copia.<\/p>\n\n\n\n<p>Le candidature MAD potranno essere prese in considerazione dall\u2019amministrazione solo dopo l\u2019esaurimento delle graduatorie provinciali e di quelle d\u2019istituto. Allorch\u00e9 si presenter\u00e0 la necessit\u00e0 di attingere alle MAD, queste verranno graduate sulla base delle tabelle di valutazione dei titoli per l\u2019inserimento nella graduatoria provinciale e d\u2019istituto D.M.60 del 10-07-2020 e in coerenza con eventuali aggiornamenti normativi e del D.M.50 del 03-03-21.<\/p>\n\n\n\n<p>Le MAD prive della firma autografa sull\u2019istanza e sul curriculum vitae, di un documento di identit\u00e0 in corso di validit\u00e0 e non redatte ai sensi del DPR 445\/2000 non saranno prese in considerazione.&nbsp;<\/p>\n\n\n\n<p>Le autodichiarazioni potranno essere oggetto di verifica da parte dell\u2019amministrazione ai sensi del D.P.R. 28 dicembre 2000 n.445.<\/p>\n","protected":false},"excerpt":{"rendered":"<p>Oggetto: Modalit\u00e0 di accettazione delle domande di messa a disposizione (MAD) per stipula contratti a tempo determinato a.s. 2021\/22.&nbsp; Il Dirigente scolastico VISTO il DPR N. 275\/1999 recante norme in materia di autonomia dell\u2019istituzione scolastica;&nbsp; VISTO il D. Lgs. 165\/2001 art. 25, commi 2, 3 e 4; VISTO il D.M. <a class=\"read-more\" href=\"https:\/\/www.scuolamonterisi.edu.it\/index.php\/2021\/09\/04\/avviso-n-1-modalita-di-accettazione-delle-domande-di-messa-a-disposizione-mad-per-stipula-contratti-a-tempo-determinato-a-s-2021-22\/\">Read More&#8230;<\/a><\/p>\n","protected":false},"author":1,"featured_media":2724,"comment_status":"open","ping_status":"open","sticky":false,"template":"","format":"standard","meta":[],"categories":[65,237],"tags":[248,101],"_links":{"self":[{"href":"https:\/\/www.scuolamonterisi.edu.it\/index.php\/wp-json\/wp\/v2\/posts\/2723"}],"collection":[{"href":"https:\/\/www.scuolamonterisi.edu.it\/index.php\/wp-json\/wp\/v2\/posts"}],"about":[{"href":"https:\/\/www.scuolamonterisi.edu.it\/index.php\/wp-json\/wp\/v2\/types\/post"}],"author":[{"embeddable":true,"href":"https:\/\/www.scuolamonterisi.edu.it\/index.php\/wp-json\/wp\/v2\/users\/1"}],"replies":[{"embeddable":true,"href":"https:\/\/www.scuolamonterisi.edu.it\/index.php\/wp-json\/wp\/v2\/comments?post=2723"}],"version-history":[{"count":1,"href":"https:\/\/www.scuolamonterisi.edu.it\/index.php\/wp-json\/wp\/v2\/posts\/2723\/revisions"}],"predecessor-version":[{"id":2725,"href":"https:\/\/www.scuolamonterisi.edu.it\/index.php\/wp-json\/wp\/v2\/posts\/2723\/revisions\/2725"}],"wp:featuredmedia":[{"embeddable":true,"href":"https:\/\/www.scuolamonterisi.edu.it\/index.php\/wp-json\/wp\/v2\/media\/2724"}],"wp:attachment":[{"href":"https:\/\/www.scuolamonterisi.edu.it\/index.php\/wp-json\/wp\/v2\/media?parent=2723"}],"wp:term":[{"taxonomy":"category","embeddable":true,"href":"https:\/\/www.scuolamonterisi.edu.it\/index.php\/wp-json\/wp\/v2\/categories?post=2723"},{"taxonomy":"post_tag","embeddable":true,"href":"https:\/\/www.scuolamonterisi.edu.it\/index.php\/wp-json\/wp\/v2\/tags?post=2723"}],"curies":[{"name":"wp","href":"https:\/\/api.w.org\/{rel}","templated":true}]}}