{"id":3530,"date":"2022-09-23T14:11:32","date_gmt":"2022-09-23T12:11:32","guid":{"rendered":"https:\/\/www.scuolamonterisi.edu.it\/?p=3530"},"modified":"2022-09-23T14:11:57","modified_gmt":"2022-09-23T12:11:57","slug":"progetto-scuola-media-matematica-2-0","status":"publish","type":"post","link":"https:\/\/www.scuolamonterisi.edu.it\/index.php\/2022\/09\/23\/progetto-scuola-media-matematica-2-0\/","title":{"rendered":"Progetto Scuola Media Matematica 2.0"},"content":{"rendered":"\n<p>Questo Istituto ha siglato con l\u2019Universit\u00e0 degli Studi di Salerno \u2013 Dipartimento di Matematica \u2013 un Protocollo di Intesa finalizzato alla realizzazione di attivit\u00e0 didattiche riguardanti, in particolare, la sperimentazione di modelli didattici innovativi interdisciplinari con particolare riguardo alle connessioni tra sapere matematico e altri ambiti disciplinari, il progetto che prende il nome di&nbsp;<strong>Scuola Media Matematica 2.0&nbsp;<\/strong>\u00e8 rivolto agli alunni di classe prima e ha durata triennale.<\/p>\n\n\n\n<p>Si intende costituire una classe di max 25 alunni che svolgeranno le attivit\u00e0 in orario extracurriculare.&nbsp;<\/p>\n\n\n\n<p>Se le richieste di partecipazione al progetto superano il numero di posti disponibili si rende necessario procedere ad una selezione.&nbsp;<\/p>\n\n\n\n<p>La prova selettiva consiste nello svolgimento di quesiti logico-matematici. Successivamente verr\u00e0 stilata una graduatoria che terr\u00e0 conto dei seguenti criteri: numero di risposte corrette, in caso di parit\u00e0 hanno priorit\u00e0 gli alunni iscritti all\u2019 indirizzo ordinario, in caso di ulteriore parit\u00e0 il ragazzo con la minore et\u00e0 anagrafica.&nbsp;<\/p>\n\n\n\n<p>Si ribadisce che la durata del progetto \u00e8 triennale, gli alunni che occuperanno una posizione utile nella graduatoria si impegneranno a seguire il progetto durante il triennio 2022\/25.&nbsp;<\/p>\n\n\n\n<p>Il progetto consiste in un percorso triennale articolato in corsi aggiuntivi di approfondimento di matematica, secondo la seguente struttura oraria:&nbsp;<\/p>\n\n\n\n<p>\u2022 20 ore per alunni del primo anno,&nbsp;<\/p>\n\n\n\n<p>\u2022 25 ore per alunni del secondo anno,&nbsp;<\/p>\n\n\n\n<p>\u2022 30 ore per alunni del terzo anno.<\/p>\n\n\n\n<p>Per il corrente anno scolastico sono previsti 8 incontri da 2,5h dalle ore 13,15 alle ore 15,45 il gioved\u00ec, il calendario delle lezioni seguir\u00e0 dopo la pubblicazione della graduatoria.<\/p>\n\n\n\n<p><a href=\"https:\/\/www.scuolamonterisi.edu.it\/wp-content\/uploads\/2022\/09\/timbro_FIRMATO_Avviso_n.14.pdf\"><strong>AVVISO E MODULO DI ADESIONE<\/strong><\/a><\/p>\n","protected":false},"excerpt":{"rendered":"<p>Questo Istituto ha siglato con l\u2019Universit\u00e0 degli Studi di Salerno \u2013 Dipartimento di Matematica \u2013 un Protocollo di Intesa finalizzato alla realizzazione di attivit\u00e0 didattiche riguardanti, in particolare, la sperimentazione di modelli didattici innovativi interdisciplinari con particolare riguardo alle connessioni tra sapere matematico e altri ambiti disciplinari, il progetto che <a class=\"read-more\" href=\"https:\/\/www.scuolamonterisi.edu.it\/index.php\/2022\/09\/23\/progetto-scuola-media-matematica-2-0\/\">Read More&#8230;<\/a><\/p>\n","protected":false},"author":1,"featured_media":3185,"comment_status":"open","ping_status":"open","sticky":false,"template":"","format":"standard","meta":[],"categories":[65,72,71],"tags":[331,123],"_links":{"self":[{"href":"https:\/\/www.scuolamonterisi.edu.it\/index.php\/wp-json\/wp\/v2\/posts\/3530"}],"collection":[{"href":"https:\/\/www.scuolamonterisi.edu.it\/index.php\/wp-json\/wp\/v2\/posts"}],"about":[{"href":"https:\/\/www.scuolamonterisi.edu.it\/index.php\/wp-json\/wp\/v2\/types\/post"}],"author":[{"embeddable":true,"href":"https:\/\/www.scuolamonterisi.edu.it\/index.php\/wp-json\/wp\/v2\/users\/1"}],"replies":[{"embeddable":true,"href":"https:\/\/www.scuolamonterisi.edu.it\/index.php\/wp-json\/wp\/v2\/comments?post=3530"}],"version-history":[{"count":2,"href":"https:\/\/www.scuolamonterisi.edu.it\/index.php\/wp-json\/wp\/v2\/posts\/3530\/revisions"}],"predecessor-version":[{"id":3533,"href":"https:\/\/www.scuolamonterisi.edu.it\/index.php\/wp-json\/wp\/v2\/posts\/3530\/revisions\/3533"}],"wp:featuredmedia":[{"embeddable":true,"href":"https:\/\/www.scuolamonterisi.edu.it\/index.php\/wp-json\/wp\/v2\/media\/3185"}],"wp:attachment":[{"href":"https:\/\/www.scuolamonterisi.edu.it\/index.php\/wp-json\/wp\/v2\/media?parent=3530"}],"wp:term":[{"taxonomy":"category","embeddable":true,"href":"https:\/\/www.scuolamonterisi.edu.it\/index.php\/wp-json\/wp\/v2\/categories?post=3530"},{"taxonomy":"post_tag","embeddable":true,"href":"https:\/\/www.scuolamonterisi.edu.it\/index.php\/wp-json\/wp\/v2\/tags?post=3530"}],"curies":[{"name":"wp","href":"https:\/\/api.w.org\/{rel}","templated":true}]}}